{"id":21,"date":"2020-01-15T09:41:00","date_gmt":"2020-01-15T12:41:00","guid":{"rendered":"https:\/\/futmesavasco.com.br\/index.php\/2020\/01\/15\/dadinho-reapresentacao-da-equipe-e-chegada-de-reforcos\/"},"modified":"2022-07-23T07:57:53","modified_gmt":"2022-07-23T10:57:53","slug":"dadinho-reapresentacao-da-equipe-e-chegada-de-reforcos","status":"publish","type":"post","link":"https:\/\/futmesavasco.com.br\/index.php\/2020\/01\/15\/dadinho-reapresentacao-da-equipe-e-chegada-de-reforcos\/","title":{"rendered":"DADINHO: REAPRESENTA\u00c7\u00c3O DA EQUIPE E CHEGADA DE REFOR\u00c7OS"},"content":{"rendered":"<div style=\"clear: both; text-align: center;\"><a href=\"https:\/\/futmesavasco.com.br\/wp-content\/uploads\/2020\/01\/Dadinho-2B2020.jpg\" style=\"margin-left: 1em; margin-right: 1em;\"><img fetchpriority=\"high\" decoding=\"async\" border=\"0\" data-original-height=\"540\" data-original-width=\"960\" height=\"225\" src=\"https:\/\/futmesavasco.com.br\/wp-content\/uploads\/2020\/01\/Dadinho-2B2020-300x169.jpg\" width=\"400\" \/><\/a><\/div>\n<div style=\"background-color: white; color: #1d2129; font-family: Helvetica, Arial, sans-serif; font-size: 14px; margin-bottom: 6px; margin-top: 6px; text-align: justify;\"><\/div>\n<div style=\"background-color: white; color: #1d2129; font-family: Helvetica, Arial, sans-serif; font-size: 14px; margin-bottom: 6px; margin-top: 6px; text-align: justify;\">No \u00faltimo s\u00e1bado, 11\/01, a equipe do Vasco Futmesa da regra dadinho se reuniu para apresentar seus refor\u00e7os e jogar o 1\u00ba interno de 2020.<\/div>\n<div style=\"background-color: white; color: #1d2129; font-family: Helvetica, Arial, sans-serif; font-size: 14px; margin-bottom: 6px; margin-top: 6px; text-align: justify;\"><\/div>\n<div style=\"background-color: white; color: #1d2129; font-family: Helvetica, Arial, sans-serif; font-size: 14px; margin-bottom: 6px; margin-top: 6px; text-align: justify;\">Temos a felicidade de apresentar 6 refor\u00e7os:&nbsp;<a data-hovercard-prefer-more-content-show=\"1\" data-hovercard=\"\/ajax\/hovercard\/user.php?id=100002600227612&amp;extragetparams=%7B%22__tn__%22%3A%22%2CdK-R-R%22%2C%22eid%22%3A%22ARCM41-vx1TqazOXaExdPjLg8is3V9wFk3Ft6p2dSxeVxpxxGLixb2E573TXGOa0pbOlGHAo1E48VPOU%22%2C%22fref%22%3A%22mentions%22%7D\" href=\"https:\/\/www.facebook.com\/ademir.dafonsecajunior?__tn__=K-R&amp;eid=ARCM41-vx1TqazOXaExdPjLg8is3V9wFk3Ft6p2dSxeVxpxxGLixb2E573TXGOa0pbOlGHAo1E48VPOU&amp;fref=mentions&amp;__xts__%5B0%5D=68.ARBrdjW2XocLyrnee3tmzryIox-jwMxRxjrt8jWFYzd06n93Y1x210clU0bf13aPJk_13oLVw9Tm9r9QCrU2PWWBKiGL68CUq6sbnfYevI9a8efxYOWG0Y5exAaU3m_NlapZShIeDmZmCPCg2xDI1f-r0aD1QpRBfsK5dWwo0WCMKfWILa5RDB_8ydjJ0svOkI9Np4TaBAz_i14uyQU2JibExWIydRGVEmZELVn97RB4vf0o1gtbj32GTA6xd_pu93JM5rsNcTDPm42U3R_zDEtO6eIxa4TkZcjsJLyFjHTKSm540x14w0mLLYJfA_OSr5viFFftc70fTE4KJF2C97XMUA\" style=\"color: #385898; cursor: pointer; font-family: inherit; text-decoration-line: none;\" title=\"Ademir Da Fonseca Junior\">Ademir Da Fonseca Junior<\/a>, que veio do Duque de Caxias,&nbsp;<a data-hovercard-prefer-more-content-show=\"1\" data-hovercard=\"\/ajax\/hovercard\/user.php?id=100002066187534&amp;extragetparams=%7B%22__tn__%22%3A%22%2CdK-R-R%22%2C%22eid%22%3A%22ARCgq_T7XCDZZdebQnPr3Tzxy1NLvLmJ_mRn9jVMw33rkadDjmsIn42QOnG-il_P1DNh6mPSZsffq2GF%22%2C%22fref%22%3A%22mentions%22%7D\" href=\"https:\/\/www.facebook.com\/alexandre.f.aires?__tn__=K-R&amp;eid=ARCgq_T7XCDZZdebQnPr3Tzxy1NLvLmJ_mRn9jVMw33rkadDjmsIn42QOnG-il_P1DNh6mPSZsffq2GF&amp;fref=mentions&amp;__xts__%5B0%5D=68.ARBrdjW2XocLyrnee3tmzryIox-jwMxRxjrt8jWFYzd06n93Y1x210clU0bf13aPJk_13oLVw9Tm9r9QCrU2PWWBKiGL68CUq6sbnfYevI9a8efxYOWG0Y5exAaU3m_NlapZShIeDmZmCPCg2xDI1f-r0aD1QpRBfsK5dWwo0WCMKfWILa5RDB_8ydjJ0svOkI9Np4TaBAz_i14uyQU2JibExWIydRGVEmZELVn97RB4vf0o1gtbj32GTA6xd_pu93JM5rsNcTDPm42U3R_zDEtO6eIxa4TkZcjsJLyFjHTKSm540x14w0mLLYJfA_OSr5viFFftc70fTE4KJF2C97XMUA\" style=\"color: #385898; cursor: pointer; font-family: inherit; text-decoration-line: none;\" title=\"Alexandre Fran\u00e7a Aires\">Alexandre Fran\u00e7a Aires<\/a>&nbsp;chegando do Fluminense e&nbsp;<a data-hovercard-prefer-more-content-show=\"1\" data-hovercard=\"\/ajax\/hovercard\/user.php?id=100007570155061&amp;extragetparams=%7B%22__tn__%22%3A%22%2CdK-R-R%22%2C%22eid%22%3A%22ARDyXCIncJ4f1d9bumsExd6QIslH1DAfr6SwsQNS7E3GGSNExQawlKtDAqrZYOIqxLkv4u2lNqT8SYnr%22%2C%22fref%22%3A%22mentions%22%7D\" href=\"https:\/\/www.facebook.com\/juliocezar.pereiraoliveira.1?__tn__=K-R&amp;eid=ARDyXCIncJ4f1d9bumsExd6QIslH1DAfr6SwsQNS7E3GGSNExQawlKtDAqrZYOIqxLkv4u2lNqT8SYnr&amp;fref=mentions&amp;__xts__%5B0%5D=68.ARBrdjW2XocLyrnee3tmzryIox-jwMxRxjrt8jWFYzd06n93Y1x210clU0bf13aPJk_13oLVw9Tm9r9QCrU2PWWBKiGL68CUq6sbnfYevI9a8efxYOWG0Y5exAaU3m_NlapZShIeDmZmCPCg2xDI1f-r0aD1QpRBfsK5dWwo0WCMKfWILa5RDB_8ydjJ0svOkI9Np4TaBAz_i14uyQU2JibExWIydRGVEmZELVn97RB4vf0o1gtbj32GTA6xd_pu93JM5rsNcTDPm42U3R_zDEtO6eIxa4TkZcjsJLyFjHTKSm540x14w0mLLYJfA_OSr5viFFftc70fTE4KJF2C97XMUA\" style=\"color: #385898; cursor: pointer; font-family: inherit; text-decoration-line: none;\" title=\"Julio Cezar Pereira Oliveira\">Julio Cezar Pereira Oliveira<\/a>,&nbsp;<a data-hovercard-prefer-more-content-show=\"1\" data-hovercard=\"\/ajax\/hovercard\/user.php?id=100001469843226&amp;extragetparams=%7B%22__tn__%22%3A%22%2CdK-R-R%22%2C%22eid%22%3A%22ARAhL6G6f95hoNfdMHv3coCqm-x3fvC7n--cqmCcQtdRjgkK-hcgnRtJNlarhtgAj-2MzqUUwoUuN9fr%22%2C%22fref%22%3A%22mentions%22%7D\" href=\"https:\/\/www.facebook.com\/armando.daemon?__tn__=K-R&amp;eid=ARAhL6G6f95hoNfdMHv3coCqm-x3fvC7n--cqmCcQtdRjgkK-hcgnRtJNlarhtgAj-2MzqUUwoUuN9fr&amp;fref=mentions&amp;__xts__%5B0%5D=68.ARBrdjW2XocLyrnee3tmzryIox-jwMxRxjrt8jWFYzd06n93Y1x210clU0bf13aPJk_13oLVw9Tm9r9QCrU2PWWBKiGL68CUq6sbnfYevI9a8efxYOWG0Y5exAaU3m_NlapZShIeDmZmCPCg2xDI1f-r0aD1QpRBfsK5dWwo0WCMKfWILa5RDB_8ydjJ0svOkI9Np4TaBAz_i14uyQU2JibExWIydRGVEmZELVn97RB4vf0o1gtbj32GTA6xd_pu93JM5rsNcTDPm42U3R_zDEtO6eIxa4TkZcjsJLyFjHTKSm540x14w0mLLYJfA_OSr5viFFftc70fTE4KJF2C97XMUA\" style=\"color: #385898; cursor: pointer; font-family: inherit; text-decoration-line: none;\" title=\"Armando Daemon\">Armando Daemon<\/a>,&nbsp;<a data-hovercard-prefer-more-content-show=\"1\" data-hovercard=\"\/ajax\/hovercard\/user.php?id=100023289211075&amp;extragetparams=%7B%22__tn__%22%3A%22%2CdK-R-R%22%2C%22eid%22%3A%22ARBAGk0uvIREyi-3cRavil6EWx_oS8CS7RLPfJNABPQ5cPhXfIp4WnxCFeq_HUUi8fkODASwA6DJk1TD%22%2C%22fref%22%3A%22mentions%22%7D\" href=\"https:\/\/www.facebook.com\/guppy.glass.5?__tn__=K-R&amp;eid=ARBAGk0uvIREyi-3cRavil6EWx_oS8CS7RLPfJNABPQ5cPhXfIp4WnxCFeq_HUUi8fkODASwA6DJk1TD&amp;fref=mentions&amp;__xts__%5B0%5D=68.ARBrdjW2XocLyrnee3tmzryIox-jwMxRxjrt8jWFYzd06n93Y1x210clU0bf13aPJk_13oLVw9Tm9r9QCrU2PWWBKiGL68CUq6sbnfYevI9a8efxYOWG0Y5exAaU3m_NlapZShIeDmZmCPCg2xDI1f-r0aD1QpRBfsK5dWwo0WCMKfWILa5RDB_8ydjJ0svOkI9Np4TaBAz_i14uyQU2JibExWIydRGVEmZELVn97RB4vf0o1gtbj32GTA6xd_pu93JM5rsNcTDPm42U3R_zDEtO6eIxa4TkZcjsJLyFjHTKSm540x14w0mLLYJfA_OSr5viFFftc70fTE4KJF2C97XMUA\" style=\"color: #385898; cursor: pointer; font-family: inherit; text-decoration-line: none;\" title=\"Cello Fish\">Cello Fish<\/a>&nbsp;e&nbsp;<a data-hovercard-prefer-more-content-show=\"1\" data-hovercard=\"\/ajax\/hovercard\/user.php?id=100000392012173&amp;extragetparams=%7B%22__tn__%22%3A%22%2CdK-R-R%22%2C%22eid%22%3A%22ARCCG2vF3RrCiTTCGO8bvQjv6NySZ-0FnJBVhHzdIKpF46ZuydLUJLGxvNZssJY8q3dzseFufjbBwRxN%22%2C%22fref%22%3A%22mentions%22%7D\" href=\"https:\/\/www.facebook.com\/robertoadriano.fernandesgarcia?__tn__=K-R&amp;eid=ARCCG2vF3RrCiTTCGO8bvQjv6NySZ-0FnJBVhHzdIKpF46ZuydLUJLGxvNZssJY8q3dzseFufjbBwRxN&amp;fref=mentions&amp;__xts__%5B0%5D=68.ARBrdjW2XocLyrnee3tmzryIox-jwMxRxjrt8jWFYzd06n93Y1x210clU0bf13aPJk_13oLVw9Tm9r9QCrU2PWWBKiGL68CUq6sbnfYevI9a8efxYOWG0Y5exAaU3m_NlapZShIeDmZmCPCg2xDI1f-r0aD1QpRBfsK5dWwo0WCMKfWILa5RDB_8ydjJ0svOkI9Np4TaBAz_i14uyQU2JibExWIydRGVEmZELVn97RB4vf0o1gtbj32GTA6xd_pu93JM5rsNcTDPm42U3R_zDEtO6eIxa4TkZcjsJLyFjHTKSm540x14w0mLLYJfA_OSr5viFFftc70fTE4KJF2C97XMUA\" style=\"color: #385898; cursor: pointer; font-family: inherit; text-decoration-line: none;\" title=\"Roberto Adriano Fernandes Garcia\">Roberto Adriano Fernandes Garcia<\/a>&nbsp;vindos do TTC. Sejam muito bem-vindos \u00e0 nossa fam\u00edlia. Esperamos que tenham muito sucesso e, principalmente, que sejam muitos felizes vestindo a Cruz de malta.<\/div>\n<div style=\"background-color: white; color: #1d2129; font-family: Helvetica, Arial, sans-serif; font-size: 14px; margin-bottom: 6px; margin-top: 6px; text-align: justify;\"><\/div>\n<div style=\"background-color: white; color: #1d2129; font-family: Helvetica, Arial, sans-serif; font-size: 14px; margin-bottom: 6px; margin-top: 6px; text-align: justify;\">Os 17 presentes foram divididos em 3 grupos, onde 2 de cada passavam para a 2\u00aa fase, al\u00e9m dos 2 melhores 3\u00ba colocados.<\/div>\n<div style=\"background-color: white; color: #1d2129; font-family: Helvetica, Arial, sans-serif; font-size: 14px; margin-bottom: 6px; margin-top: 6px; text-align: justify;\"><\/div>\n<div style=\"background-color: white; color: #1d2129; font-family: Helvetica, Arial, sans-serif; font-size: 14px; margin-bottom: 6px; margin-top: 6px; text-align: justify;\">No grupo 1,&nbsp;<a data-hovercard-prefer-more-content-show=\"1\" data-hovercard=\"\/ajax\/hovercard\/user.php?id=100001435586317&amp;extragetparams=%7B%22__tn__%22%3A%22%2CdK-R-R%22%2C%22eid%22%3A%22ARDBq9HDpsJC3vnjCIzl8bpN_WUeGc3B1xvHTW60NOtZKSNFWZaXaMeCRJuX1FSuJBrf3zKGS54e6UUJ%22%2C%22fref%22%3A%22mentions%22%7D\" href=\"https:\/\/www.facebook.com\/eduardo.carvalho.3956690?__tn__=K-R&amp;eid=ARDBq9HDpsJC3vnjCIzl8bpN_WUeGc3B1xvHTW60NOtZKSNFWZaXaMeCRJuX1FSuJBrf3zKGS54e6UUJ&amp;fref=mentions&amp;__xts__%5B0%5D=68.ARBrdjW2XocLyrnee3tmzryIox-jwMxRxjrt8jWFYzd06n93Y1x210clU0bf13aPJk_13oLVw9Tm9r9QCrU2PWWBKiGL68CUq6sbnfYevI9a8efxYOWG0Y5exAaU3m_NlapZShIeDmZmCPCg2xDI1f-r0aD1QpRBfsK5dWwo0WCMKfWILa5RDB_8ydjJ0svOkI9Np4TaBAz_i14uyQU2JibExWIydRGVEmZELVn97RB4vf0o1gtbj32GTA6xd_pu93JM5rsNcTDPm42U3R_zDEtO6eIxa4TkZcjsJLyFjHTKSm540x14w0mLLYJfA_OSr5viFFftc70fTE4KJF2C97XMUA\" style=\"color: #385898; cursor: pointer; font-family: inherit; text-decoration-line: none;\" title=\"Eduardo Rocha\">Eduardo Rocha<\/a>, que veio embalado pela campanha no 1\u00ba quinta na colina, ficou com a primeira coloca\u00e7\u00e3o de forma invicta.&nbsp;<a data-hovercard-prefer-more-content-show=\"1\" data-hovercard=\"\/ajax\/hovercard\/user.php?id=100003246266169&amp;extragetparams=%7B%22__tn__%22%3A%22%2CdK-R-R%22%2C%22eid%22%3A%22ARAXeLE3aEs-Bx_LKK1FRS4CDRSUp2nXFb-s_4l6Du7kIsMJULdCU4_gqwE4gHFqFX8Y6yCyQwu4b5fY%22%2C%22fref%22%3A%22mentions%22%7D\" href=\"https:\/\/www.facebook.com\/bruno.romar.3?__tn__=K-R&amp;eid=ARAXeLE3aEs-Bx_LKK1FRS4CDRSUp2nXFb-s_4l6Du7kIsMJULdCU4_gqwE4gHFqFX8Y6yCyQwu4b5fY&amp;fref=mentions&amp;__xts__%5B0%5D=68.ARBrdjW2XocLyrnee3tmzryIox-jwMxRxjrt8jWFYzd06n93Y1x210clU0bf13aPJk_13oLVw9Tm9r9QCrU2PWWBKiGL68CUq6sbnfYevI9a8efxYOWG0Y5exAaU3m_NlapZShIeDmZmCPCg2xDI1f-r0aD1QpRBfsK5dWwo0WCMKfWILa5RDB_8ydjJ0svOkI9Np4TaBAz_i14uyQU2JibExWIydRGVEmZELVn97RB4vf0o1gtbj32GTA6xd_pu93JM5rsNcTDPm42U3R_zDEtO6eIxa4TkZcjsJLyFjHTKSm540x14w0mLLYJfA_OSr5viFFftc70fTE4KJF2C97XMUA\" style=\"color: #385898; cursor: pointer; font-family: inherit; text-decoration-line: none;\" title=\"Bruno Romar\">Bruno Romar<\/a>, tamb\u00e9m invicto, por\u00e9m com 1 empate a mais, ficou com a 2\u00aa coloca\u00e7\u00e3o. Rafael Clem ficou em 3\u00ba e tamb\u00e9m beliscou uma das vagas na 2\u00aa fase.<\/div>\n<div style=\"background-color: white; color: #1d2129; font-family: Helvetica, Arial, sans-serif; font-size: 14px; margin-bottom: 6px; margin-top: 6px; text-align: justify;\"><\/div>\n<div style=\"background-color: white; color: #1d2129; font-family: Helvetica, Arial, sans-serif; font-size: 14px; margin-bottom: 6px; margin-top: 6px; text-align: justify;\">No grupo 2,&nbsp;<a data-hovercard-prefer-more-content-show=\"1\" data-hovercard=\"\/ajax\/hovercard\/user.php?id=1492101659&amp;extragetparams=%7B%22__tn__%22%3A%22%2CdK-R-R%22%2C%22eid%22%3A%22ARDR_06BQd3rLMxd5lWufuqP-ultlAT4YVq5VOIGm8cBdu5_OAZ94KXiX2-RBM-ZNHPt1QS4sR6_jV--%22%2C%22fref%22%3A%22mentions%22%7D\" href=\"https:\/\/www.facebook.com\/braynerwertmuller?__tn__=K-R&amp;eid=ARDR_06BQd3rLMxd5lWufuqP-ultlAT4YVq5VOIGm8cBdu5_OAZ94KXiX2-RBM-ZNHPt1QS4sR6_jV--&amp;fref=mentions&amp;__xts__%5B0%5D=68.ARBrdjW2XocLyrnee3tmzryIox-jwMxRxjrt8jWFYzd06n93Y1x210clU0bf13aPJk_13oLVw9Tm9r9QCrU2PWWBKiGL68CUq6sbnfYevI9a8efxYOWG0Y5exAaU3m_NlapZShIeDmZmCPCg2xDI1f-r0aD1QpRBfsK5dWwo0WCMKfWILa5RDB_8ydjJ0svOkI9Np4TaBAz_i14uyQU2JibExWIydRGVEmZELVn97RB4vf0o1gtbj32GTA6xd_pu93JM5rsNcTDPm42U3R_zDEtO6eIxa4TkZcjsJLyFjHTKSm540x14w0mLLYJfA_OSr5viFFftc70fTE4KJF2C97XMUA\" style=\"color: #385898; cursor: pointer; font-family: inherit; text-decoration-line: none;\" title=\"Brayner Wertmuller\">Brayner Wertmuller<\/a>&nbsp;ficou com a 1\u00aa coloca\u00e7\u00e3o grupo e a 1\u00aa coloca\u00e7\u00e3o geral do campeonato.&nbsp;<a data-hovercard-prefer-more-content-show=\"1\" data-hovercard=\"\/ajax\/hovercard\/user.php?id=100000266658309&amp;extragetparams=%7B%22__tn__%22%3A%22%2CdK-R-R%22%2C%22eid%22%3A%22ARC8ErRitBHidMP2DYESdjV69zEK6ik9En2Hho6d6EMzhCOut9csAwWxLTbR7lTq3wv86LDdEoaq4ukF%22%2C%22fref%22%3A%22mentions%22%7D\" href=\"https:\/\/www.facebook.com\/cleciano?__tn__=K-R&amp;eid=ARC8ErRitBHidMP2DYESdjV69zEK6ik9En2Hho6d6EMzhCOut9csAwWxLTbR7lTq3wv86LDdEoaq4ukF&amp;fref=mentions&amp;__xts__%5B0%5D=68.ARBrdjW2XocLyrnee3tmzryIox-jwMxRxjrt8jWFYzd06n93Y1x210clU0bf13aPJk_13oLVw9Tm9r9QCrU2PWWBKiGL68CUq6sbnfYevI9a8efxYOWG0Y5exAaU3m_NlapZShIeDmZmCPCg2xDI1f-r0aD1QpRBfsK5dWwo0WCMKfWILa5RDB_8ydjJ0svOkI9Np4TaBAz_i14uyQU2JibExWIydRGVEmZELVn97RB4vf0o1gtbj32GTA6xd_pu93JM5rsNcTDPm42U3R_zDEtO6eIxa4TkZcjsJLyFjHTKSm540x14w0mLLYJfA_OSr5viFFftc70fTE4KJF2C97XMUA\" style=\"color: #385898; cursor: pointer; font-family: inherit; text-decoration-line: none;\" title=\"Cleciano Farias Menezes\">Cleciano Farias Menezes<\/a>&nbsp;garantiu a 2\u00aa vaga e Marcello Fish conquistou a \u00faltima vaga do grupo, e dos 3\u00ba colocados.<\/div>\n<div style=\"background-color: white; color: #1d2129; font-family: Helvetica, Arial, sans-serif; font-size: 14px; margin-bottom: 6px; margin-top: 6px; text-align: justify;\"><\/div>\n<div style=\"background-color: white; color: #1d2129; font-family: Helvetica, Arial, sans-serif; font-size: 14px; margin-bottom: 6px; margin-top: 6px; text-align: justify;\">No grupo 3,&nbsp;<a data-hovercard-prefer-more-content-show=\"1\" data-hovercard=\"\/ajax\/hovercard\/user.php?id=100000740073076&amp;extragetparams=%7B%22__tn__%22%3A%22%2CdK-R-R%22%2C%22eid%22%3A%22ARD094N4qgr5lF95WZPmRX1lmaY2ujHLMH0_cgx7CQSsQfJSGKjin6vn8QAqYm0c-I0pnxKwgHqKKKJ6%22%2C%22fref%22%3A%22mentions%22%7D\" href=\"https:\/\/www.facebook.com\/renato.pereiraoliveira?__tn__=K-R&amp;eid=ARD094N4qgr5lF95WZPmRX1lmaY2ujHLMH0_cgx7CQSsQfJSGKjin6vn8QAqYm0c-I0pnxKwgHqKKKJ6&amp;fref=mentions&amp;__xts__%5B0%5D=68.ARBrdjW2XocLyrnee3tmzryIox-jwMxRxjrt8jWFYzd06n93Y1x210clU0bf13aPJk_13oLVw9Tm9r9QCrU2PWWBKiGL68CUq6sbnfYevI9a8efxYOWG0Y5exAaU3m_NlapZShIeDmZmCPCg2xDI1f-r0aD1QpRBfsK5dWwo0WCMKfWILa5RDB_8ydjJ0svOkI9Np4TaBAz_i14uyQU2JibExWIydRGVEmZELVn97RB4vf0o1gtbj32GTA6xd_pu93JM5rsNcTDPm42U3R_zDEtO6eIxa4TkZcjsJLyFjHTKSm540x14w0mLLYJfA_OSr5viFFftc70fTE4KJF2C97XMUA\" style=\"color: #385898; cursor: pointer; font-family: inherit; text-decoration-line: none;\" title=\"Renato Pereira Oliveira\">Renato Pereira Oliveira<\/a>&nbsp;ficou com a lideran\u00e7a do grupo. Adriano ficou com a 2\u00aa coloca\u00e7\u00e3o.<\/div>\n<div style=\"background-color: white; color: #1d2129; font-family: Helvetica, Arial, sans-serif; font-size: 14px; margin-bottom: 6px; margin-top: 6px; text-align: justify;\"><\/div>\n<div style=\"background-color: white; color: #1d2129; font-family: Helvetica, Arial, sans-serif; font-size: 14px; margin-bottom: 6px; margin-top: 6px; text-align: justify;\">QUARTAS DE FINAL<\/div>\n<div style=\"background-color: white; color: #1d2129; font-family: Helvetica, Arial, sans-serif; font-size: 14px; margin-bottom: 6px; margin-top: 6px; text-align: justify;\"><\/div>\n<div style=\"background-color: white; color: #1d2129; font-family: Helvetica, Arial, sans-serif; font-size: 14px; margin-bottom: 6px; margin-top: 6px; text-align: justify;\">Brayner x Marcello Fish<\/div>\n<div style=\"background-color: white; color: #1d2129; font-family: Helvetica, Arial, sans-serif; font-size: 14px; margin-bottom: 6px; margin-top: 6px; text-align: justify;\">Os 2 atletas j\u00e1 tinham se enfrentado na fase de grupos, Marcelo estava jogando cada vez melhor contra Brayner, mas esse redator abriu o placar na sa\u00edda de bola. Marcelo n\u00e3o se abateu e virou o jogo no segundo tempo, por\u00e9m Brayner conseguiu fazer a 2\u00aa virada da partida e fechar o placar em 3&#215;2. Belo desempenho do refor\u00e7o cruzmaltino, que por pouco n\u00e3o saiu classificado.<\/div>\n<div style=\"background-color: white; color: #1d2129; font-family: Helvetica, Arial, sans-serif; font-size: 14px; margin-bottom: 6px; margin-top: 6px; text-align: justify;\"><\/div>\n<div style=\"background-color: white; color: #1d2129; font-family: Helvetica, Arial, sans-serif; font-size: 14px; margin-bottom: 6px; margin-top: 6px; text-align: justify;\">Bruno Romar x Adriano<\/div>\n<div style=\"background-color: white; color: #1d2129; font-family: Helvetica, Arial, sans-serif; font-size: 14px; margin-bottom: 6px; margin-top: 6px; text-align: justify;\">O capit\u00e3o vem embalado pelos \u00faltimos resultados, tem treinado mais esse ano e vinha invicto da fase grupos. O refor\u00e7o cruzmaltino, bicampe\u00e3o brasileiro pelo TTC, sabe jogar jogos grandes e tamb\u00e9m vinha invicto. Expectativa de um joga\u00e7o, que eles atenderam. Depois de uma aula de ofensividade, Romar 5&#215;4 Adriano e vaga garantida na semifinal.<\/div>\n<div style=\"background-color: white; color: #1d2129; font-family: Helvetica, Arial, sans-serif; font-size: 14px; margin-bottom: 6px; margin-top: 6px; text-align: justify;\"><\/div>\n<div style=\"background-color: white; color: #1d2129; font-family: Helvetica, Arial, sans-serif; font-size: 14px; margin-bottom: 6px; margin-top: 6px; text-align: justify;\">Oliveira x Clem<\/div>\n<div style=\"background-color: white; color: #1d2129; font-family: Helvetica, Arial, sans-serif; font-size: 14px; margin-bottom: 6px; margin-top: 6px; text-align: justify;\">Oliveira vinha embalado pela campanha na fase de grupo, tinha vantagem do empate e ainda saiu fazendo 1&#215;0. Clem n\u00e3o queria saber de nada disso e virou o jogo para 2&#215;1, mas Oliveira mostrou calma e compet\u00eancia para virar para 5&#215;2 e fechar a partida.<\/div>\n<div style=\"background-color: white; color: #1d2129; font-family: Helvetica, Arial, sans-serif; font-size: 14px; margin-bottom: 6px; margin-top: 6px; text-align: justify;\"><\/div>\n<div style=\"background-color: white; color: #1d2129; font-family: Helvetica, Arial, sans-serif; font-size: 14px; margin-bottom: 6px; margin-top: 6px; text-align: justify;\">Edu x Cleciano<\/div>\n<div style=\"background-color: white; color: #1d2129; font-family: Helvetica, Arial, sans-serif; font-size: 14px; margin-bottom: 6px; margin-top: 6px; text-align: justify;\">Edu fez a 2\u00aa melhor campanha geral e como \u201cpr\u00eamio\u201d enfrentou Cleciano Farias Menezes, carinhosamente apelido de iceman pela sua frieza nos momentos decisivos. Edu tinha vantagem do empate, mas Cleciano, fazendo jus ao seu apelido, venceu por 3&#215;2 e colocou seu nome entre os 4.<\/div>\n<div style=\"background-color: white; color: #1d2129; font-family: Helvetica, Arial, sans-serif; font-size: 14px; margin-bottom: 6px; margin-top: 6px; text-align: justify;\"><\/div>\n<div style=\"background-color: white; color: #1d2129; font-family: Helvetica, Arial, sans-serif; font-size: 14px; margin-bottom: 6px; margin-top: 6px; text-align: justify;\">SEMIFINAL<\/div>\n<div style=\"background-color: white; color: #1d2129; font-family: Helvetica, Arial, sans-serif; font-size: 14px; margin-bottom: 6px; margin-top: 6px; text-align: justify;\"><\/div>\n<div style=\"background-color: white; color: #1d2129; font-family: Helvetica, Arial, sans-serif; font-size: 14px; margin-bottom: 6px; margin-top: 6px; text-align: justify;\">Brayner x Romar<\/div>\n<div style=\"background-color: white; color: #1d2129; font-family: Helvetica, Arial, sans-serif; font-size: 14px; margin-bottom: 6px; margin-top: 6px; text-align: justify;\">Detentor de uma ofensividade absurda, misturada com uma das melhores defesas do pa\u00eds, Romar acertou os dois primeiros chutes e abriu 2&#215;0 no placar. Brayner foi com calma tentando diminuir a partida, procurando as bolas que mais gosta de chutar e conseguiu chegar ao empate no primeiro tempo. No segundo tempo, 3 gols praticamente seguidos fecharam o jogo em 5&#215;2 e deram a classifica\u00e7\u00e3o na final para o mais novo da fam\u00edlia.<\/div>\n<div style=\"background-color: white; color: #1d2129; font-family: Helvetica, Arial, sans-serif; font-size: 14px; margin-bottom: 6px; margin-top: 6px; text-align: justify;\"><\/div>\n<div style=\"background-color: white; color: #1d2129; font-family: Helvetica, Arial, sans-serif; font-size: 14px; margin-bottom: 6px; margin-top: 6px; text-align: justify;\">Oliveira x Cleciano<\/div>\n<div style=\"background-color: white; color: #1d2129; font-family: Helvetica, Arial, sans-serif; font-size: 14px; margin-bottom: 6px; margin-top: 6px; text-align: justify;\">Dois atletas que se conhecem muito, com vantagem para Oliveira. Cleciano n\u00e3o queria saber disso e come\u00e7ou a fazer gol, Oliveira n\u00e3o ficou pra tr\u00e1s. Ap\u00f3s um joga\u00e7o, Oliveira vence por 5&#215;4 e carimba o passaporte para a final\u00edssima.<\/div>\n<div style=\"background-color: white; color: #1d2129; font-family: Helvetica, Arial, sans-serif; font-size: 14px; margin-bottom: 6px; margin-top: 6px; text-align: justify;\"><\/div>\n<div style=\"background-color: white; color: #1d2129; font-family: Helvetica, Arial, sans-serif; font-size: 14px; margin-bottom: 6px; margin-top: 6px; text-align: justify;\">FINAL<\/div>\n<div style=\"background-color: white; color: #1d2129; font-family: Helvetica, Arial, sans-serif; font-size: 14px; margin-bottom: 6px; margin-top: 6px; text-align: justify;\"><\/div>\n<div style=\"background-color: white; color: #1d2129; font-family: Helvetica, Arial, sans-serif; font-size: 14px; margin-bottom: 6px; margin-top: 6px; text-align: justify;\">Brayner x Oliveira<\/div>\n<div style=\"background-color: white; color: #1d2129; font-family: Helvetica, Arial, sans-serif; font-size: 14px; margin-bottom: 6px; margin-top: 6px; text-align: justify;\"><\/div>\n<div style=\"background-color: white; color: #1d2129; font-family: Helvetica, Arial, sans-serif; font-size: 14px; margin-bottom: 6px; margin-top: 6px; text-align: justify;\">Brayner, mesmo com a vantagem do empate, come\u00e7ou com tudo, sem dar chance para Oliveira. Abriu 4&#215;0 rapidamente e fez o atleta do Vasco tentar mudar seu estilo de jogo, sem sucesso. No final, Brayner conseguiu fechar por 8&#215;1 e se tornar o 1\u00ba campe\u00e3o interno de 2020.<\/div>\n<div style=\"background-color: white; color: #1d2129; font-family: Helvetica, Arial, sans-serif; font-size: 14px; margin-bottom: 6px; margin-top: 6px; text-align: justify;\"><\/div>\n<div style=\"background-color: white; color: #1d2129; display: inline; font-family: Helvetica, Arial, sans-serif; font-size: 14px; margin-top: 6px;\"><\/div>\n<div style=\"text-align: justify;\">Parab\u00e9ns a todos os participantes! Esperamos os atletas cruzmaltinos, e os visitantes, nesta quinta-feira, no nosso tradicional Quinta na Colina.<\/div>\n","protected":false},"excerpt":{"rendered":"<p>No \u00faltimo s\u00e1bado, 11\/01, a equipe do Vasco Futmesa da regra dadinho se reuniu para apresentar seus refor\u00e7os e jogar o 1\u00ba interno de 2020. Temos a felicidade de apresentar 6 refor\u00e7os:&nbsp;Ademir Da Fonseca Junior, que veio do Duque de Caxias,&nbsp;Alexandre Fran\u00e7a Aires&nbsp;chegando do Fluminense e&nbsp;Julio Cezar Pereira Oliveira,&nbsp;Armando Daemon,&nbsp;Cello Fish&nbsp;e&nbsp;Roberto Adriano Fernandes Garcia&nbsp;vindos do [&hellip;]<\/p>\n","protected":false},"author":2,"featured_media":1806,"comment_status":"open","ping_status":"open","sticky":false,"template":"","format":"standard","meta":{"ocean_post_layout":"","ocean_both_sidebars_style":"","ocean_both_sidebars_content_width":0,"ocean_both_sidebars_sidebars_width":0,"ocean_sidebar":"","ocean_second_sidebar":"","ocean_disable_margins":"enable","ocean_add_body_class":"","ocean_shortcode_before_top_bar":"","ocean_shortcode_after_top_bar":"","ocean_shortcode_before_header":"","ocean_shortcode_after_header":"","ocean_has_shortcode":"","ocean_shortcode_after_title":"","ocean_shortcode_before_footer_widgets":"","ocean_shortcode_after_footer_widgets":"","ocean_shortcode_before_footer_bottom":"","ocean_shortcode_after_footer_bottom":"","ocean_display_top_bar":"default","ocean_display_header":"default","ocean_header_style":"","ocean_center_header_left_menu":"","ocean_custom_header_template":"","ocean_custom_logo":0,"ocean_custom_retina_logo":0,"ocean_custom_logo_max_width":0,"ocean_custom_logo_tablet_max_width":0,"ocean_custom_logo_mobile_max_width":0,"ocean_custom_logo_max_height":0,"ocean_custom_logo_tablet_max_height":0,"ocean_custom_logo_mobile_max_height":0,"ocean_header_custom_menu":"","ocean_menu_typo_font_family":"","ocean_menu_typo_font_subset":"","ocean_menu_typo_font_size":0,"ocean_menu_typo_font_size_tablet":0,"ocean_menu_typo_font_size_mobile":0,"ocean_menu_typo_font_size_unit":"px","ocean_menu_typo_font_weight":"","ocean_menu_typo_font_weight_tablet":"","ocean_menu_typo_font_weight_mobile":"","ocean_menu_typo_transform":"","ocean_menu_typo_transform_tablet":"","ocean_menu_typo_transform_mobile":"","ocean_menu_typo_line_height":0,"ocean_menu_typo_line_height_tablet":0,"ocean_menu_typo_line_height_mobile":0,"ocean_menu_typo_line_height_unit":"","ocean_menu_typo_spacing":0,"ocean_menu_typo_spacing_tablet":0,"ocean_menu_typo_spacing_mobile":0,"ocean_menu_typo_spacing_unit":"","ocean_menu_link_color":"","ocean_menu_link_color_hover":"","ocean_menu_link_color_active":"","ocean_menu_link_background":"","ocean_menu_link_hover_background":"","ocean_menu_link_active_background":"","ocean_menu_social_links_bg":"","ocean_menu_social_hover_links_bg":"","ocean_menu_social_links_color":"","ocean_menu_social_hover_links_color":"","ocean_disable_title":"default","ocean_disable_heading":"default","ocean_post_title":"","ocean_post_subheading":"","ocean_post_title_style":"","ocean_post_title_background_color":"","ocean_post_title_background":0,"ocean_post_title_bg_image_position":"","ocean_post_title_bg_image_attachment":"","ocean_post_title_bg_image_repeat":"","ocean_post_title_bg_image_size":"","ocean_post_title_height":0,"ocean_post_title_bg_overlay":0.5,"ocean_post_title_bg_overlay_color":"","ocean_disable_breadcrumbs":"default","ocean_breadcrumbs_color":"","ocean_breadcrumbs_separator_color":"","ocean_breadcrumbs_links_color":"","ocean_breadcrumbs_links_hover_color":"","ocean_display_footer_widgets":"default","ocean_display_footer_bottom":"default","ocean_custom_footer_template":"","ocean_post_oembed":"","ocean_post_self_hosted_media":"","ocean_post_video_embed":"","ocean_link_format":"","ocean_link_format_target":"self","ocean_quote_format":"","ocean_quote_format_link":"post","ocean_gallery_link_images":"on","ocean_gallery_id":[],"footnotes":""},"categories":[1],"tags":[],"class_list":["post-21","post","type-post","status-publish","format-standard","has-post-thumbnail","hentry","category-sem-categoria","entry","has-media"],"_links":{"self":[{"href":"https:\/\/futmesavasco.com.br\/index.php\/wp-json\/wp\/v2\/posts\/21"}],"collection":[{"href":"https:\/\/futmesavasco.com.br\/index.php\/wp-json\/wp\/v2\/posts"}],"about":[{"href":"https:\/\/futmesavasco.com.br\/index.php\/wp-json\/wp\/v2\/types\/post"}],"author":[{"embeddable":true,"href":"https:\/\/futmesavasco.com.br\/index.php\/wp-json\/wp\/v2\/users\/2"}],"replies":[{"embeddable":true,"href":"https:\/\/futmesavasco.com.br\/index.php\/wp-json\/wp\/v2\/comments?post=21"}],"version-history":[{"count":2,"href":"https:\/\/futmesavasco.com.br\/index.php\/wp-json\/wp\/v2\/posts\/21\/revisions"}],"predecessor-version":[{"id":1808,"href":"https:\/\/futmesavasco.com.br\/index.php\/wp-json\/wp\/v2\/posts\/21\/revisions\/1808"}],"wp:featuredmedia":[{"embeddable":true,"href":"https:\/\/futmesavasco.com.br\/index.php\/wp-json\/wp\/v2\/media\/1806"}],"wp:attachment":[{"href":"https:\/\/futmesavasco.com.br\/index.php\/wp-json\/wp\/v2\/media?parent=21"}],"wp:term":[{"taxonomy":"category","embeddable":true,"href":"https:\/\/futmesavasco.com.br\/index.php\/wp-json\/wp\/v2\/categories?post=21"},{"taxonomy":"post_tag","embeddable":true,"href":"https:\/\/futmesavasco.com.br\/index.php\/wp-json\/wp\/v2\/tags?post=21"}],"curies":[{"name":"wp","href":"https:\/\/api.w.org\/{rel}","templated":true}]}}