{"id":2839,"date":"2026-03-13T15:35:32","date_gmt":"2026-03-13T18:35:32","guid":{"rendered":"https:\/\/futmesavasco.com.br\/?p=2839"},"modified":"2026-03-13T16:02:55","modified_gmt":"2026-03-13T19:02:55","slug":"dadinho-vasco-disputa-o-rio-sao-paulo-neste-fim-de-semana","status":"publish","type":"post","link":"https:\/\/futmesavasco.com.br\/index.php\/2026\/03\/13\/dadinho-vasco-disputa-o-rio-sao-paulo-neste-fim-de-semana\/","title":{"rendered":"DADINHO: VASCO DISPUTA O RIO-S\u00c3O PAULO NESTE FIM DE SEMANA"},"content":{"rendered":"\n<p>A equipe de Futebol de Mesa do Vasco da Gama estar\u00e1 em a\u00e7\u00e3o neste fim de semana, dias 14 e 15 de mar\u00e7o, na disputa do tradicional Rio\u2013S\u00e3o Paulo de Dadinho. A competi\u00e7\u00e3o ser\u00e1 realizada na sede social do Sport Club Corinthians Paulista, em S\u00e3o Paulo.<br><br>No s\u00e1bado (14), a partir das 10h, ser\u00e3o realizadas as disputas individuais, nas categorias Adulto e Sub-18. O Vasco ter\u00e1 dois representantes entre os mais jovens: Kristian e Felipe Drago, que defender\u00e3o o clube na categoria Sub-18.<br>J\u00e1 na categoria Adulto, o Gigante da Colina ser\u00e1 representado por Renato Oliveira, Alysson, Edu Rocha, Jo\u00e3o Eduardo, Adriano e Tarouca, atletas que buscar\u00e3o colocar o Vasco entre os protagonistas da competi\u00e7\u00e3o.<br><br>A programa\u00e7\u00e3o segue no domingo (15) com a disputa por equipes, quando os clubes medem for\u00e7as em busca do t\u00edtulo coletivo do tradicional torneio interestadual.<br><br>O Vasco Futmesa j\u00e1 possui conquistas importantes na hist\u00f3ria do Rio\u2013S\u00e3o Paulo de Dadinho. O clube soma dois t\u00edtulos na competi\u00e7\u00e3o individual, conquistados pelos ex-atletas Bruno Romar(2020) e Brayner(2023), refor\u00e7ando a tradi\u00e7\u00e3o cruzmaltina nesta modalidade esportiva.<br><br>A equipe vasca\u00edna chega motivada para mais uma edi\u00e7\u00e3o do torneio, buscando manter o clube entre os destaques do futebol de mesa nacional. \ud83d\udca2\u26ab\u26aa<\/p>\n","protected":false},"excerpt":{"rendered":"<p>A equipe de Futebol de Mesa do Vasco da Gama estar\u00e1 em a\u00e7\u00e3o neste fim de semana, dias 14 e 15 de mar\u00e7o, na disputa do tradicional Rio\u2013S\u00e3o Paulo de Dadinho. A competi\u00e7\u00e3o ser\u00e1 realizada na sede social do Sport Club Corinthians Paulista, em S\u00e3o Paulo. No s\u00e1bado (14), a partir das 10h, ser\u00e3o realizadas [&hellip;]<\/p>\n","protected":false},"author":1,"featured_media":2840,"comment_status":"open","ping_status":"open","sticky":false,"template":"","format":"standard","meta":{"ocean_post_layout":"","ocean_both_sidebars_style":"","ocean_both_sidebars_content_width":0,"ocean_both_sidebars_sidebars_width":0,"ocean_sidebar":"","ocean_second_sidebar":"","ocean_disable_margins":"enable","ocean_add_body_class":"","ocean_shortcode_before_top_bar":"","ocean_shortcode_after_top_bar":"","ocean_shortcode_before_header":"","ocean_shortcode_after_header":"","ocean_has_shortcode":"","ocean_shortcode_after_title":"","ocean_shortcode_before_footer_widgets":"","ocean_shortcode_after_footer_widgets":"","ocean_shortcode_before_footer_bottom":"","ocean_shortcode_after_footer_bottom":"","ocean_display_top_bar":"default","ocean_display_header":"default","ocean_header_style":"","ocean_center_header_left_menu":"","ocean_custom_header_template":"","ocean_custom_logo":0,"ocean_custom_retina_logo":0,"ocean_custom_logo_max_width":0,"ocean_custom_logo_tablet_max_width":0,"ocean_custom_logo_mobile_max_width":0,"ocean_custom_logo_max_height":0,"ocean_custom_logo_tablet_max_height":0,"ocean_custom_logo_mobile_max_height":0,"ocean_header_custom_menu":"","ocean_menu_typo_font_family":"","ocean_menu_typo_font_subset":"","ocean_menu_typo_font_size":0,"ocean_menu_typo_font_size_tablet":0,"ocean_menu_typo_font_size_mobile":0,"ocean_menu_typo_font_size_unit":"px","ocean_menu_typo_font_weight":"","ocean_menu_typo_font_weight_tablet":"","ocean_menu_typo_font_weight_mobile":"","ocean_menu_typo_transform":"","ocean_menu_typo_transform_tablet":"","ocean_menu_typo_transform_mobile":"","ocean_menu_typo_line_height":0,"ocean_menu_typo_line_height_tablet":0,"ocean_menu_typo_line_height_mobile":0,"ocean_menu_typo_line_height_unit":"","ocean_menu_typo_spacing":0,"ocean_menu_typo_spacing_tablet":0,"ocean_menu_typo_spacing_mobile":0,"ocean_menu_typo_spacing_unit":"","ocean_menu_link_color":"","ocean_menu_link_color_hover":"","ocean_menu_link_color_active":"","ocean_menu_link_background":"","ocean_menu_link_hover_background":"","ocean_menu_link_active_background":"","ocean_menu_social_links_bg":"","ocean_menu_social_hover_links_bg":"","ocean_menu_social_links_color":"","ocean_menu_social_hover_links_color":"","ocean_disable_title":"default","ocean_disable_heading":"default","ocean_post_title":"","ocean_post_subheading":"","ocean_post_title_style":"","ocean_post_title_background_color":"","ocean_post_title_background":0,"ocean_post_title_bg_image_position":"","ocean_post_title_bg_image_attachment":"","ocean_post_title_bg_image_repeat":"","ocean_post_title_bg_image_size":"","ocean_post_title_height":0,"ocean_post_title_bg_overlay":0.5,"ocean_post_title_bg_overlay_color":"","ocean_disable_breadcrumbs":"default","ocean_breadcrumbs_color":"","ocean_breadcrumbs_separator_color":"","ocean_breadcrumbs_links_color":"","ocean_breadcrumbs_links_hover_color":"","ocean_display_footer_widgets":"default","ocean_display_footer_bottom":"default","ocean_custom_footer_template":"","ocean_post_oembed":"","ocean_post_self_hosted_media":"","ocean_post_video_embed":"","ocean_link_format":"","ocean_link_format_target":"self","ocean_quote_format":"","ocean_quote_format_link":"post","ocean_gallery_link_images":"on","ocean_gallery_id":[],"footnotes":""},"categories":[1],"tags":[],"class_list":["post-2839","post","type-post","status-publish","format-standard","has-post-thumbnail","hentry","category-sem-categoria","entry","has-media"],"_links":{"self":[{"href":"https:\/\/futmesavasco.com.br\/index.php\/wp-json\/wp\/v2\/posts\/2839"}],"collection":[{"href":"https:\/\/futmesavasco.com.br\/index.php\/wp-json\/wp\/v2\/posts"}],"about":[{"href":"https:\/\/futmesavasco.com.br\/index.php\/wp-json\/wp\/v2\/types\/post"}],"author":[{"embeddable":true,"href":"https:\/\/futmesavasco.com.br\/index.php\/wp-json\/wp\/v2\/users\/1"}],"replies":[{"embeddable":true,"href":"https:\/\/futmesavasco.com.br\/index.php\/wp-json\/wp\/v2\/comments?post=2839"}],"version-history":[{"count":2,"href":"https:\/\/futmesavasco.com.br\/index.php\/wp-json\/wp\/v2\/posts\/2839\/revisions"}],"predecessor-version":[{"id":2842,"href":"https:\/\/futmesavasco.com.br\/index.php\/wp-json\/wp\/v2\/posts\/2839\/revisions\/2842"}],"wp:featuredmedia":[{"embeddable":true,"href":"https:\/\/futmesavasco.com.br\/index.php\/wp-json\/wp\/v2\/media\/2840"}],"wp:attachment":[{"href":"https:\/\/futmesavasco.com.br\/index.php\/wp-json\/wp\/v2\/media?parent=2839"}],"wp:term":[{"taxonomy":"category","embeddable":true,"href":"https:\/\/futmesavasco.com.br\/index.php\/wp-json\/wp\/v2\/categories?post=2839"},{"taxonomy":"post_tag","embeddable":true,"href":"https:\/\/futmesavasco.com.br\/index.php\/wp-json\/wp\/v2\/tags?post=2839"}],"curies":[{"name":"wp","href":"https:\/\/api.w.org\/{rel}","templated":true}]}}