{"id":2871,"date":"2026-04-25T23:00:45","date_gmt":"2026-04-26T02:00:45","guid":{"rendered":"https:\/\/futmesavasco.com.br\/?p=2871"},"modified":"2026-04-25T23:01:42","modified_gmt":"2026-04-26T02:01:42","slug":"dadinho-equipe-disputa-o-open-de-juiz-de-fora-deste-domingo-26-4","status":"publish","type":"post","link":"https:\/\/futmesavasco.com.br\/index.php\/2026\/04\/25\/dadinho-equipe-disputa-o-open-de-juiz-de-fora-deste-domingo-26-4\/","title":{"rendered":"DADINHO: EQUIPE DISPUTA O OPEN DE JUIZ DE FORA NESTE DOMINGO (26\/4)"},"content":{"rendered":"\n<p>O Vasco Futmesa volta \u00e0 cena neste fim de semana para mais um importante desafio no calend\u00e1rio da modalidade. A equipe cruzmaltina estar\u00e1 em a\u00e7\u00e3o no 3\u00ba Open de Juiz de Fora, disputado na regra Dadinho por equipes, reunindo alguns dos principais times do Rio de Janeiro e de Minas Gerais. <\/p>\n\n\n\n<p>A competi\u00e7\u00e3o ser\u00e1 realizada neste domingo, a partir das 9h30, no Parque Municipal de Juiz de Fora, tradicional palco de grandes eventos esportivos na cidade mineira.<\/p>\n\n\n\n<p>De acordo com o chaveamento divulgado, o campeonato ser\u00e1 dividido em tr\u00eas grupos. O Vasco estar\u00e1 representado com tr\u00eas equipes distintas:<\/p>\n\n\n\n<p>Grupo 1<\/p>\n\n\n\n<p>Vasco B<\/p>\n\n\n\n<p>Eldorado C<\/p>\n\n\n\n<p>Lafume<\/p>\n\n\n\n<p>Uberabinha<\/p>\n\n\n\n<p>Mineiro<\/p>\n\n\n\n<p>S\u00e3o Crist\u00f3v\u00e3o B<\/p>\n\n\n\n<p>Sigma B<\/p>\n\n\n\n<p>Grupo 2<\/p>\n\n\n\n<p>Am\u00e9rica<\/p>\n\n\n\n<p>Sigma A<\/p>\n\n\n\n<p>S\u00e3o Crist\u00f3v\u00e3o A<\/p>\n\n\n\n<p>Nova Friburgo<\/p>\n\n\n\n<p>Eldorado<\/p>\n\n\n\n<p>Vasco C<\/p>\n\n\n\n<p>Olympic B<\/p>\n\n\n\n<p>Grupo 3<\/p>\n\n\n\n<p>Vasco A<\/p>\n\n\n\n<p>Portuguesa<\/p>\n\n\n\n<p>River<\/p>\n\n\n\n<p>Humait\u00e1<\/p>\n\n\n\n<p>Olympic A<\/p>\n\n\n\n<p>Eldorado A<\/p>\n\n\n\n<p>O torneio \u00e9 uma excelente oportunidade para integra\u00e7\u00e3o entre atletas e fortalecimento do futmesa no cen\u00e1rio regional, mantendo viva a competitividade e o esp\u00edrito esportivo que marcam a modalidade.<\/p>\n\n\n\n<p>Mais informa\u00e7\u00f5es sobre a competi\u00e7\u00e3o podem ser acessadas no site da FEFUMERJ: https:\/\/www.fefumerj.com.br\/iii-jf-open-reune-as-feras-do-dadinho\/\u2060<\/p>\n\n\n\n<p>Os atletas cruzmaltinos relacionados s\u00e3o:<\/p>\n\n\n\n<p>Vasco A: Oliveira, Adriano, Pitico e Cleciano <\/p>\n\n\n\n<p>Vasco B: Edu,Jo\u00e3o, Luiz e Fabr\u00edcio <\/p>\n\n\n\n<p>Vasco C: Brun\u00e3o, Sergio, Felipe e Alysson<\/p>\n","protected":false},"excerpt":{"rendered":"<p>O Vasco Futmesa volta \u00e0 cena neste fim de semana para mais um importante desafio no calend\u00e1rio da modalidade. A equipe cruzmaltina estar\u00e1 em a\u00e7\u00e3o no 3\u00ba Open de Juiz de Fora, disputado na regra Dadinho por equipes, reunindo alguns dos principais times do Rio de Janeiro e de Minas Gerais. A competi\u00e7\u00e3o ser\u00e1 realizada [&hellip;]<\/p>\n","protected":false},"author":1,"featured_media":2872,"comment_status":"open","ping_status":"open","sticky":false,"template":"","format":"standard","meta":{"ocean_post_layout":"","ocean_both_sidebars_style":"","ocean_both_sidebars_content_width":0,"ocean_both_sidebars_sidebars_width":0,"ocean_sidebar":"","ocean_second_sidebar":"","ocean_disable_margins":"enable","ocean_add_body_class":"","ocean_shortcode_before_top_bar":"","ocean_shortcode_after_top_bar":"","ocean_shortcode_before_header":"","ocean_shortcode_after_header":"","ocean_has_shortcode":"","ocean_shortcode_after_title":"","ocean_shortcode_before_footer_widgets":"","ocean_shortcode_after_footer_widgets":"","ocean_shortcode_before_footer_bottom":"","ocean_shortcode_after_footer_bottom":"","ocean_display_top_bar":"default","ocean_display_header":"default","ocean_header_style":"","ocean_center_header_left_menu":"","ocean_custom_header_template":"","ocean_custom_logo":0,"ocean_custom_retina_logo":0,"ocean_custom_logo_max_width":0,"ocean_custom_logo_tablet_max_width":0,"ocean_custom_logo_mobile_max_width":0,"ocean_custom_logo_max_height":0,"ocean_custom_logo_tablet_max_height":0,"ocean_custom_logo_mobile_max_height":0,"ocean_header_custom_menu":"","ocean_menu_typo_font_family":"","ocean_menu_typo_font_subset":"","ocean_menu_typo_font_size":0,"ocean_menu_typo_font_size_tablet":0,"ocean_menu_typo_font_size_mobile":0,"ocean_menu_typo_font_size_unit":"px","ocean_menu_typo_font_weight":"","ocean_menu_typo_font_weight_tablet":"","ocean_menu_typo_font_weight_mobile":"","ocean_menu_typo_transform":"","ocean_menu_typo_transform_tablet":"","ocean_menu_typo_transform_mobile":"","ocean_menu_typo_line_height":0,"ocean_menu_typo_line_height_tablet":0,"ocean_menu_typo_line_height_mobile":0,"ocean_menu_typo_line_height_unit":"","ocean_menu_typo_spacing":0,"ocean_menu_typo_spacing_tablet":0,"ocean_menu_typo_spacing_mobile":0,"ocean_menu_typo_spacing_unit":"","ocean_menu_link_color":"","ocean_menu_link_color_hover":"","ocean_menu_link_color_active":"","ocean_menu_link_background":"","ocean_menu_link_hover_background":"","ocean_menu_link_active_background":"","ocean_menu_social_links_bg":"","ocean_menu_social_hover_links_bg":"","ocean_menu_social_links_color":"","ocean_menu_social_hover_links_color":"","ocean_disable_title":"default","ocean_disable_heading":"default","ocean_post_title":"","ocean_post_subheading":"","ocean_post_title_style":"","ocean_post_title_background_color":"","ocean_post_title_background":0,"ocean_post_title_bg_image_position":"","ocean_post_title_bg_image_attachment":"","ocean_post_title_bg_image_repeat":"","ocean_post_title_bg_image_size":"","ocean_post_title_height":0,"ocean_post_title_bg_overlay":0.5,"ocean_post_title_bg_overlay_color":"","ocean_disable_breadcrumbs":"default","ocean_breadcrumbs_color":"","ocean_breadcrumbs_separator_color":"","ocean_breadcrumbs_links_color":"","ocean_breadcrumbs_links_hover_color":"","ocean_display_footer_widgets":"default","ocean_display_footer_bottom":"default","ocean_custom_footer_template":"","ocean_post_oembed":"","ocean_post_self_hosted_media":"","ocean_post_video_embed":"","ocean_link_format":"","ocean_link_format_target":"self","ocean_quote_format":"","ocean_quote_format_link":"post","ocean_gallery_link_images":"on","ocean_gallery_id":[],"footnotes":""},"categories":[1],"tags":[],"class_list":["post-2871","post","type-post","status-publish","format-standard","has-post-thumbnail","hentry","category-sem-categoria","entry","has-media"],"_links":{"self":[{"href":"https:\/\/futmesavasco.com.br\/index.php\/wp-json\/wp\/v2\/posts\/2871"}],"collection":[{"href":"https:\/\/futmesavasco.com.br\/index.php\/wp-json\/wp\/v2\/posts"}],"about":[{"href":"https:\/\/futmesavasco.com.br\/index.php\/wp-json\/wp\/v2\/types\/post"}],"author":[{"embeddable":true,"href":"https:\/\/futmesavasco.com.br\/index.php\/wp-json\/wp\/v2\/users\/1"}],"replies":[{"embeddable":true,"href":"https:\/\/futmesavasco.com.br\/index.php\/wp-json\/wp\/v2\/comments?post=2871"}],"version-history":[{"count":2,"href":"https:\/\/futmesavasco.com.br\/index.php\/wp-json\/wp\/v2\/posts\/2871\/revisions"}],"predecessor-version":[{"id":2874,"href":"https:\/\/futmesavasco.com.br\/index.php\/wp-json\/wp\/v2\/posts\/2871\/revisions\/2874"}],"wp:featuredmedia":[{"embeddable":true,"href":"https:\/\/futmesavasco.com.br\/index.php\/wp-json\/wp\/v2\/media\/2872"}],"wp:attachment":[{"href":"https:\/\/futmesavasco.com.br\/index.php\/wp-json\/wp\/v2\/media?parent=2871"}],"wp:term":[{"taxonomy":"category","embeddable":true,"href":"https:\/\/futmesavasco.com.br\/index.php\/wp-json\/wp\/v2\/categories?post=2871"},{"taxonomy":"post_tag","embeddable":true,"href":"https:\/\/futmesavasco.com.br\/index.php\/wp-json\/wp\/v2\/tags?post=2871"}],"curies":[{"name":"wp","href":"https:\/\/api.w.org\/{rel}","templated":true}]}}